{"id":1041,"date":"2023-03-27T08:18:42","date_gmt":"2023-03-27T08:18:42","guid":{"rendered":"https:\/\/www.akkucelle.com\/blog\/?p=1041"},"modified":"2023-03-27T08:18:42","modified_gmt":"2023-03-27T08:18:42","slug":"id-3-2023-volkswagen-oeffnet-vorbestellungen-in-deutschland","status":"publish","type":"post","link":"https:\/\/www.akkucelle.com\/blog\/archives\/1041","title":{"rendered":"ID.3 2023: Volkswagen \u00f6ffnet Vorbestellungen in Deutschland"},"content":{"rendered":"\n\n\n<p>Volkswagen hat gerade die Vorbestellungen f\u00fcr die neue Version des ID.3 er\u00f6ffnet. Tats\u00e4chlich wird sein elektrisches Stadtauto 2023 von einem willkommenen Facelift profitieren. Die M\u00f6glichkeit f\u00fcr Benutzer, die vom Hersteller angebotenen Preise zu entdecken.<\/p>\n\n\n\n<p>Mit dem von der Europ\u00e4ischen Union verh\u00e4ngten Verkaufsverbot f\u00fcr neue Thermoautos ab 2035 haben sich viele Hersteller entschieden, ihre Energiewende zu beschleunigen.<\/p>\n\n\n\n<p>In diesem Wettlauf um die Elektrifizierung hat Volkswagen einen deutlichen Vorsprung vor einigen Wettbewerbern. Bis 2026 will die deutsche Marke nicht weniger als 10 brandneue Elektrofahrzeuge auf den Markt bringen. Allein im Jahr 2023 werden drei neue Modelle auf den Markt kommen, n\u00e4mlich das Redesign des ID.3, der ber\u00fchmten ID.7-Limousine, die als Konkurrenz zum Tesla Model 3 konzipiert wurde, sowie die Langversion des \u201eID. summen.<\/p>\n\n\n\n<p>VW hat Anfang M\u00e4rz den Schleier zur neuen Version des ID.3 gel\u00fcftet. Diese eher sch\u00fcchterne Neugestaltung begn\u00fcgt sich haupts\u00e4chlich damit, die Hauptm\u00e4ngel des Originalmodells zu beseitigen, insbesondere an der Seite des Fahrgastraums. Und genau drei Wochen nach dieser Pr\u00e4sentation ist die \u00fcberarbeitete Version des ID.3 in Deutschland vorbestellbar.<\/p>\n\n\n\n<p>MEHR ATTRAKTIVE PREISE BEIM ID.3 2023<br>Die Gelegenheit f\u00fcr uns, die von Volkswagen erstellte Preisliste zu entdecken. Wie durch j\u00fcngste Ger\u00fcchte angek\u00fcndigt, wurden die Preise nach unten korrigiert. So ist der neue ID.3 \u201ePro\u201c mit seiner 58-kWh-Batterie ab 39.995 Euro im Konfigurator der Marke erh\u00e4ltlich.<\/p>\n\n\n\n<p>Als der erste ID.3 des Namens auf den Markt kam, kostete diese Konfiguration 37.790 Euro. Doch mit der weltweiten Verknappung von Mikrochips und der steigenden Inflation erh\u00f6hte VW die Preise immer wieder, um in Deutschland bei einem Einstiegspreis von 43.995 Euro zu landen.<\/p>\n\n\n\n<p>EIN STARTPREIS UNTER 40.000 \u20ac IN FRANKREICH?<br>In Frankreich wurde das alte Modell f\u00fcr 46.750 Euro angeboten. Es bot jedoch zus\u00e4tzliche Ausstattung. Tats\u00e4chlich k\u00f6nnen wir in Frankreich mit einem niedrigeren Preis (unter der 40.000-\u20ac-Marke) f\u00fcr das Einstiegsmodell dieses neuen ID.3 rechnen.<\/p>\n\n\n\n<p>An diesem ID.3 Pro finden Sie viele Serienausstattungen wie 18-Zoll-Felgen, LED-Scheinwerfer, Kunstleder-Multifunktionslenkrad, ganz zu schweigen von diversen Fahrhilfen wie Parkassistent, Notbremsassistent oder Spurhalteassistent .<\/p>\n\n\n\n<p>DER ID.3 PRO S WIRD \u00dcBER 47.000 \u20ac VERKAUFT<br>Doch damit nicht genug, denn der Konfigurator verr\u00e4t einige Details zur ID. 3 Pro S, das Premium-Modell im Sortiment. So kostet der Cityflitzer mit 77-kWh-Batterie hier 47.595 Euro (was ihn in Frankreich von den Vergabekriterien f\u00fcr den \u00d6kobonus von 5.000 Euro ausschlie\u00dft). In Frankreich wird das entsprechende Modell, n\u00e4mlich der Pro S First Exclusive, ab 55.600 Euro verkauft.<\/p>\n\n\n\n<p>Mit einer Reichweite von 545 km im WLTP-Zyklus und einer Leistung von 150 kW (204 PS) profitiert er dank Verbesserungen an der MEB-Plattform von schnellerem Laden. Jetzt kann bis zu einer maximalen Leistung von 170 kW geladen werden. Umfangreicher ist schlie\u00dflich das Ausstattungsangebot mit 19\u2033-Aluminiumfelgen und elektrischen ErgoActive-Sitzen.<\/p>\n","protected":false},"excerpt":{"rendered":"<p>Volkswagen hat gerade die Vorbestellungen f\u00fcr die neue Version des ID.3 er\u00f6ffnet. Tats\u00e4chlich wird sein elektrisches Stadtauto 2023 von einem willkommenen Facelift profitieren. Die M\u00f6glichkeit &hellip; <\/p>\n","protected":false},"author":1,"featured_media":0,"comment_status":"open","ping_status":"open","sticky":false,"template":"","format":"standard","meta":{"footnotes":""},"categories":[1],"tags":[],"class_list":["post-1041","post","type-post","status-publish","format-standard","hentry","category-uncategorized"],"yoast_head":"<!-- This site is optimized with the Yoast SEO plugin v24.4 - https:\/\/yoast.com\/wordpress\/plugins\/seo\/ -->\n<title>ID.3 2023: Volkswagen \u00f6ffnet Vorbestellungen in Deutschland - Akku Celle Blog<\/title>\n<meta name=\"robots\" content=\"index, follow, max-snippet:-1, max-image-preview:large, max-video-preview:-1\" \/>\n<link rel=\"canonical\" href=\"https:\/\/www.akkucelle.com\/blog\/archives\/1041\" \/>\n<meta property=\"og:locale\" content=\"de_DE\" \/>\n<meta property=\"og:type\" content=\"article\" \/>\n<meta property=\"og:title\" content=\"ID.3 2023: Volkswagen \u00f6ffnet Vorbestellungen in Deutschland - Akku Celle Blog\" \/>\n<meta property=\"og:description\" content=\"Volkswagen hat gerade die Vorbestellungen f\u00fcr die neue Version des ID.3 er\u00f6ffnet. Tats\u00e4chlich wird sein elektrisches Stadtauto 2023 von einem willkommenen Facelift profitieren. Die M\u00f6glichkeit &hellip;\" \/>\n<meta property=\"og:url\" content=\"https:\/\/www.akkucelle.com\/blog\/archives\/1041\" \/>\n<meta property=\"og:site_name\" content=\"Akku Celle Blog\" \/>\n<meta property=\"article:published_time\" content=\"2023-03-27T08:18:42+00:00\" \/>\n<meta name=\"author\" content=\"admin\" \/>\n<meta name=\"twitter:card\" content=\"summary_large_image\" \/>\n<meta name=\"twitter:label1\" content=\"Verfasst von\" \/>\n\t<meta name=\"twitter:data1\" content=\"admin\" \/>\n\t<meta name=\"twitter:label2\" content=\"Gesch\u00e4tzte Lesezeit\" \/>\n\t<meta name=\"twitter:data2\" content=\"2\u00a0Minuten\" \/>\n<script type=\"application\/ld+json\" class=\"yoast-schema-graph\">{\"@context\":\"https:\/\/schema.org\",\"@graph\":[{\"@type\":\"Article\",\"@id\":\"https:\/\/www.akkucelle.com\/blog\/archives\/1041#article\",\"isPartOf\":{\"@id\":\"https:\/\/www.akkucelle.com\/blog\/archives\/1041\"},\"author\":{\"name\":\"admin\",\"@id\":\"https:\/\/www.akkucelle.com\/blog\/#\/schema\/person\/6027b15e94c1bf3787af6e5b0bec2e8b\"},\"headline\":\"ID.3 2023: Volkswagen \u00f6ffnet Vorbestellungen in Deutschland\",\"datePublished\":\"2023-03-27T08:18:42+00:00\",\"mainEntityOfPage\":{\"@id\":\"https:\/\/www.akkucelle.com\/blog\/archives\/1041\"},\"wordCount\":453,\"commentCount\":0,\"publisher\":{\"@id\":\"https:\/\/www.akkucelle.com\/blog\/#organization\"},\"articleSection\":[\"Uncategorized\"],\"inLanguage\":\"de\",\"potentialAction\":[{\"@type\":\"CommentAction\",\"name\":\"Comment\",\"target\":[\"https:\/\/www.akkucelle.com\/blog\/archives\/1041#respond\"]}]},{\"@type\":\"WebPage\",\"@id\":\"https:\/\/www.akkucelle.com\/blog\/archives\/1041\",\"url\":\"https:\/\/www.akkucelle.com\/blog\/archives\/1041\",\"name\":\"ID.3 2023: Volkswagen \u00f6ffnet Vorbestellungen in Deutschland - Akku Celle Blog\",\"isPartOf\":{\"@id\":\"https:\/\/www.akkucelle.com\/blog\/#website\"},\"datePublished\":\"2023-03-27T08:18:42+00:00\",\"breadcrumb\":{\"@id\":\"https:\/\/www.akkucelle.com\/blog\/archives\/1041#breadcrumb\"},\"inLanguage\":\"de\",\"potentialAction\":[{\"@type\":\"ReadAction\",\"target\":[\"https:\/\/www.akkucelle.com\/blog\/archives\/1041\"]}]},{\"@type\":\"BreadcrumbList\",\"@id\":\"https:\/\/www.akkucelle.com\/blog\/archives\/1041#breadcrumb\",\"itemListElement\":[{\"@type\":\"ListItem\",\"position\":1,\"name\":\"Startseite\",\"item\":\"https:\/\/www.akkucelle.com\/blog\"},{\"@type\":\"ListItem\",\"position\":2,\"name\":\"ID.3 2023: Volkswagen \u00f6ffnet Vorbestellungen in Deutschland\"}]},{\"@type\":\"WebSite\",\"@id\":\"https:\/\/www.akkucelle.com\/blog\/#website\",\"url\":\"https:\/\/www.akkucelle.com\/blog\/\",\"name\":\"Akku Celle Blog\",\"description\":\"Akku und Adapter Blog\",\"publisher\":{\"@id\":\"https:\/\/www.akkucelle.com\/blog\/#organization\"},\"potentialAction\":[{\"@type\":\"SearchAction\",\"target\":{\"@type\":\"EntryPoint\",\"urlTemplate\":\"https:\/\/www.akkucelle.com\/blog\/?s={search_term_string}\"},\"query-input\":{\"@type\":\"PropertyValueSpecification\",\"valueRequired\":true,\"valueName\":\"search_term_string\"}}],\"inLanguage\":\"de\"},{\"@type\":\"Organization\",\"@id\":\"https:\/\/www.akkucelle.com\/blog\/#organization\",\"name\":\"Akku und Adapter Blog\",\"url\":\"https:\/\/www.akkucelle.com\/blog\/\",\"logo\":{\"@type\":\"ImageObject\",\"inLanguage\":\"de\",\"@id\":\"https:\/\/www.akkucelle.com\/blog\/#\/schema\/logo\/image\/\",\"url\":\"https:\/\/www.akkucelle.com\/blog\/wp-content\/uploads\/2025\/02\/logo.png\",\"contentUrl\":\"https:\/\/www.akkucelle.com\/blog\/wp-content\/uploads\/2025\/02\/logo.png\",\"width\":250,\"height\":62,\"caption\":\"Akku und Adapter Blog\"},\"image\":{\"@id\":\"https:\/\/www.akkucelle.com\/blog\/#\/schema\/logo\/image\/\"}},{\"@type\":\"Person\",\"@id\":\"https:\/\/www.akkucelle.com\/blog\/#\/schema\/person\/6027b15e94c1bf3787af6e5b0bec2e8b\",\"name\":\"admin\",\"image\":{\"@type\":\"ImageObject\",\"inLanguage\":\"de\",\"@id\":\"https:\/\/www.akkucelle.com\/blog\/#\/schema\/person\/image\/\",\"url\":\"https:\/\/secure.gravatar.com\/avatar\/cb907c0a6e40d5c20e5bca18c43bd4b4dfabdc2c0735889a0971a66d8bf31662?s=96&d=mm&r=g\",\"contentUrl\":\"https:\/\/secure.gravatar.com\/avatar\/cb907c0a6e40d5c20e5bca18c43bd4b4dfabdc2c0735889a0971a66d8bf31662?s=96&d=mm&r=g\",\"caption\":\"admin\"},\"sameAs\":[\"https:\/\/www.akkucelle.com\/blog\"],\"url\":\"https:\/\/www.akkucelle.com\/blog\/archives\/author\/admin\"}]}<\/script>\n<!-- \/ Yoast SEO plugin. -->","yoast_head_json":{"title":"ID.3 2023: Volkswagen \u00f6ffnet Vorbestellungen in Deutschland - Akku Celle Blog","robots":{"index":"index","follow":"follow","max-snippet":"max-snippet:-1","max-image-preview":"max-image-preview:large","max-video-preview":"max-video-preview:-1"},"canonical":"https:\/\/www.akkucelle.com\/blog\/archives\/1041","og_locale":"de_DE","og_type":"article","og_title":"ID.3 2023: Volkswagen \u00f6ffnet Vorbestellungen in Deutschland - Akku Celle Blog","og_description":"Volkswagen hat gerade die Vorbestellungen f\u00fcr die neue Version des ID.3 er\u00f6ffnet. Tats\u00e4chlich wird sein elektrisches Stadtauto 2023 von einem willkommenen Facelift profitieren. Die M\u00f6glichkeit &hellip;","og_url":"https:\/\/www.akkucelle.com\/blog\/archives\/1041","og_site_name":"Akku Celle Blog","article_published_time":"2023-03-27T08:18:42+00:00","author":"admin","twitter_card":"summary_large_image","twitter_misc":{"Verfasst von":"admin","Gesch\u00e4tzte Lesezeit":"2\u00a0Minuten"},"schema":{"@context":"https:\/\/schema.org","@graph":[{"@type":"Article","@id":"https:\/\/www.akkucelle.com\/blog\/archives\/1041#article","isPartOf":{"@id":"https:\/\/www.akkucelle.com\/blog\/archives\/1041"},"author":{"name":"admin","@id":"https:\/\/www.akkucelle.com\/blog\/#\/schema\/person\/6027b15e94c1bf3787af6e5b0bec2e8b"},"headline":"ID.3 2023: Volkswagen \u00f6ffnet Vorbestellungen in Deutschland","datePublished":"2023-03-27T08:18:42+00:00","mainEntityOfPage":{"@id":"https:\/\/www.akkucelle.com\/blog\/archives\/1041"},"wordCount":453,"commentCount":0,"publisher":{"@id":"https:\/\/www.akkucelle.com\/blog\/#organization"},"articleSection":["Uncategorized"],"inLanguage":"de","potentialAction":[{"@type":"CommentAction","name":"Comment","target":["https:\/\/www.akkucelle.com\/blog\/archives\/1041#respond"]}]},{"@type":"WebPage","@id":"https:\/\/www.akkucelle.com\/blog\/archives\/1041","url":"https:\/\/www.akkucelle.com\/blog\/archives\/1041","name":"ID.3 2023: Volkswagen \u00f6ffnet Vorbestellungen in Deutschland - Akku Celle Blog","isPartOf":{"@id":"https:\/\/www.akkucelle.com\/blog\/#website"},"datePublished":"2023-03-27T08:18:42+00:00","breadcrumb":{"@id":"https:\/\/www.akkucelle.com\/blog\/archives\/1041#breadcrumb"},"inLanguage":"de","potentialAction":[{"@type":"ReadAction","target":["https:\/\/www.akkucelle.com\/blog\/archives\/1041"]}]},{"@type":"BreadcrumbList","@id":"https:\/\/www.akkucelle.com\/blog\/archives\/1041#breadcrumb","itemListElement":[{"@type":"ListItem","position":1,"name":"Startseite","item":"https:\/\/www.akkucelle.com\/blog"},{"@type":"ListItem","position":2,"name":"ID.3 2023: Volkswagen \u00f6ffnet Vorbestellungen in Deutschland"}]},{"@type":"WebSite","@id":"https:\/\/www.akkucelle.com\/blog\/#website","url":"https:\/\/www.akkucelle.com\/blog\/","name":"Akku Celle Blog","description":"Akku und Adapter Blog","publisher":{"@id":"https:\/\/www.akkucelle.com\/blog\/#organization"},"potentialAction":[{"@type":"SearchAction","target":{"@type":"EntryPoint","urlTemplate":"https:\/\/www.akkucelle.com\/blog\/?s={search_term_string}"},"query-input":{"@type":"PropertyValueSpecification","valueRequired":true,"valueName":"search_term_string"}}],"inLanguage":"de"},{"@type":"Organization","@id":"https:\/\/www.akkucelle.com\/blog\/#organization","name":"Akku und Adapter Blog","url":"https:\/\/www.akkucelle.com\/blog\/","logo":{"@type":"ImageObject","inLanguage":"de","@id":"https:\/\/www.akkucelle.com\/blog\/#\/schema\/logo\/image\/","url":"https:\/\/www.akkucelle.com\/blog\/wp-content\/uploads\/2025\/02\/logo.png","contentUrl":"https:\/\/www.akkucelle.com\/blog\/wp-content\/uploads\/2025\/02\/logo.png","width":250,"height":62,"caption":"Akku und Adapter Blog"},"image":{"@id":"https:\/\/www.akkucelle.com\/blog\/#\/schema\/logo\/image\/"}},{"@type":"Person","@id":"https:\/\/www.akkucelle.com\/blog\/#\/schema\/person\/6027b15e94c1bf3787af6e5b0bec2e8b","name":"admin","image":{"@type":"ImageObject","inLanguage":"de","@id":"https:\/\/www.akkucelle.com\/blog\/#\/schema\/person\/image\/","url":"https:\/\/secure.gravatar.com\/avatar\/cb907c0a6e40d5c20e5bca18c43bd4b4dfabdc2c0735889a0971a66d8bf31662?s=96&d=mm&r=g","contentUrl":"https:\/\/secure.gravatar.com\/avatar\/cb907c0a6e40d5c20e5bca18c43bd4b4dfabdc2c0735889a0971a66d8bf31662?s=96&d=mm&r=g","caption":"admin"},"sameAs":["https:\/\/www.akkucelle.com\/blog"],"url":"https:\/\/www.akkucelle.com\/blog\/archives\/author\/admin"}]}},"_links":{"self":[{"href":"https:\/\/www.akkucelle.com\/blog\/wp-json\/wp\/v2\/posts\/1041","targetHints":{"allow":["GET"]}}],"collection":[{"href":"https:\/\/www.akkucelle.com\/blog\/wp-json\/wp\/v2\/posts"}],"about":[{"href":"https:\/\/www.akkucelle.com\/blog\/wp-json\/wp\/v2\/types\/post"}],"author":[{"embeddable":true,"href":"https:\/\/www.akkucelle.com\/blog\/wp-json\/wp\/v2\/users\/1"}],"replies":[{"embeddable":true,"href":"https:\/\/www.akkucelle.com\/blog\/wp-json\/wp\/v2\/comments?post=1041"}],"version-history":[{"count":1,"href":"https:\/\/www.akkucelle.com\/blog\/wp-json\/wp\/v2\/posts\/1041\/revisions"}],"predecessor-version":[{"id":1042,"href":"https:\/\/www.akkucelle.com\/blog\/wp-json\/wp\/v2\/posts\/1041\/revisions\/1042"}],"wp:attachment":[{"href":"https:\/\/www.akkucelle.com\/blog\/wp-json\/wp\/v2\/media?parent=1041"}],"wp:term":[{"taxonomy":"category","embeddable":true,"href":"https:\/\/www.akkucelle.com\/blog\/wp-json\/wp\/v2\/categories?post=1041"},{"taxonomy":"post_tag","embeddable":true,"href":"https:\/\/www.akkucelle.com\/blog\/wp-json\/wp\/v2\/tags?post=1041"}],"curies":[{"name":"wp","href":"https:\/\/api.w.org\/{rel}","templated":true}]}}