{"id":1122,"date":"2023-04-24T07:20:36","date_gmt":"2023-04-24T07:20:36","guid":{"rendered":"https:\/\/www.akkucelle.com\/blog\/?p=1122"},"modified":"2023-04-24T07:20:36","modified_gmt":"2023-04-24T07:20:36","slug":"europa-moechte-dass-mehr-staedte-die-abwaerme-von-rechenzentren-nutzen","status":"publish","type":"post","link":"https:\/\/www.akkucelle.com\/blog\/archives\/1122","title":{"rendered":"Europa m\u00f6chte, dass mehr St\u00e4dte die Abw\u00e4rme von Rechenzentren nutzen"},"content":{"rendered":"\n\n\n<p>Die EU \u2013 und insbesondere Deutschland \u2013 hat mit ihren Pl\u00e4nen, die Umweltauswirkungen des Kontinents zu reduzieren, f\u00fcr einige Best\u00fcrzung in der Rechenzentrumsbranche gesorgt.<\/p>\n\n\n\n<p>Die Gewerkschaft hat sich in zahlreichen Branchen Ziele f\u00fcr erneuerbare Energien gesetzt, die bis 2035 erreicht werden sollen, einschlie\u00dflich der CO2-Neutralisierung des Heiz- und K\u00fchlsektors durch Wiederverwendung der Abw\u00e4rme von Rechenzentren, um St\u00e4dte warm zu halten.<\/p>\n\n\n\n<p>Deutschland m\u00f6chte noch einen Schritt weiter gehen, indem es Ziele f\u00fcr die Wiederverwendung von Energie einf\u00fchrt, und obwohl Rechenzentrumsunternehmen froh dar\u00fcber sind, dass ihr Nebenprodukt recycelt wird, bef\u00fcrchten sie, dass dies eine finanzielle Belastung f\u00fcr sie sein wird, um es zu erreichen.<\/p>\n\n\n\n<p>Anna Klaft vom Deutschen Rechenzentrumsverband sagte im Januar gegen\u00fcber Bloomberg(opens in new tab), dass \u201ewir bereit sind, viel davon zu finanzieren\u201c, f\u00fcgte aber hinzu, dass \u201e[nicht] alles auf diesen Sektor verlagert werden sollte\u201c.<\/p>\n\n\n\n<p>Obwohl die Abw\u00e4rme von Rechenzentren nicht hoch genug f\u00fcr eine Heizung ist, k\u00f6nnen W\u00e4rmepumpen eingesetzt werden, um ihr den n\u00f6tigen Schub zu geben. Das Problem ist, dass diese selbst viel Strom verbrauchen, wobei das Uptime Institute letztes Jahr in einer Studie (opens in new tab) enth\u00fcllte, dass die Gestaltung von Standorten, so dass ihre abgegebene W\u00e4rme wiederverwendet werden kann, oft den Energieverbrauch erh\u00f6ht, da \u201eW\u00e4rmepumpen ben\u00f6tigt werden um die ausgehende W\u00e4rmetemperatur zu erh\u00f6hen.&#8220;<\/p>\n\n\n\n<p>Das Ergebnis ist jedoch, dass dies immer noch \u201edie gesamten CO2-Emissionen senken kann, indem die Energie reduziert wird, die sonst zum Heizen ben\u00f6tigt w\u00fcrde\u201c. Der Bericht stellte jedoch auch fest, dass es nur in k\u00e4lteren Klimazonen sinnvoll ist, die Abw\u00e4rme von Rechenzentren wiederzuverwenden, d. h. in Nordeuropa, und dass Verbindungen hergestellt werden m\u00fcssten, um die W\u00e4rme dorthin zu bringen, wo sie ben\u00f6tigt wird.<\/p>\n\n\n\n<p>Die EU behauptet(opens in new tab), dass Heizung die H\u00e4lfte des gesamten Energiebedarfs auf dem Kontinent ausmacht und 70 % davon mit fossilen Brennstoffen erzeugt werden. Dies erkl\u00e4rt, warum es auf Fernw\u00e4rme dr\u00e4ngen will, um W\u00e4rme aus Industrien wie Rechenzentrumsstandorten zu recyceln.<\/p>\n\n\n\n<p>Die W\u00e4rmepumpen haben zudem hohe Betriebskosten, was Rechenzentrumsbetreiber in Deutschland ver\u00e4rgert, da sie durch den Gesetzesentwurf des Bundes &#8211; das Gesetz zur Steigerung der Energieeffizienz, zum Klimaschutz und zur Umsetzung von EU-Recht (Energieeffizienzgesetz (EnEfG)) &#8211; zur Pflicht werden k\u00f6nnten ab 2025 10 % und ab 2028 dann 20 % ihrer Abw\u00e4rme spenden und ihnen die Kosten daf\u00fcr \u00fcberlassen.<\/p>\n\n\n\n<p>Ein Gesetzesentwurf wurde bereits vom Bundeskabinett gebilligt(opens in new tab).<\/p>\n\n\n\n<p>Hier sind die besten Kollokationsanbieter<\/p>\n","protected":false},"excerpt":{"rendered":"<p>Die EU \u2013 und insbesondere Deutschland \u2013 hat mit ihren Pl\u00e4nen, die Umweltauswirkungen des Kontinents zu reduzieren, f\u00fcr einige Best\u00fcrzung in der Rechenzentrumsbranche gesorgt. Die &hellip; <\/p>\n","protected":false},"author":1,"featured_media":0,"comment_status":"open","ping_status":"open","sticky":false,"template":"","format":"standard","meta":{"footnotes":""},"categories":[1],"tags":[],"class_list":["post-1122","post","type-post","status-publish","format-standard","hentry","category-uncategorized"],"yoast_head":"<!-- This site is optimized with the Yoast SEO plugin v24.4 - https:\/\/yoast.com\/wordpress\/plugins\/seo\/ -->\n<title>Europa m\u00f6chte, dass mehr St\u00e4dte die Abw\u00e4rme von Rechenzentren nutzen - Akku Celle Blog<\/title>\n<meta name=\"robots\" content=\"index, follow, max-snippet:-1, max-image-preview:large, max-video-preview:-1\" \/>\n<link rel=\"canonical\" href=\"https:\/\/www.akkucelle.com\/blog\/archives\/1122\" \/>\n<meta property=\"og:locale\" content=\"de_DE\" \/>\n<meta property=\"og:type\" content=\"article\" \/>\n<meta property=\"og:title\" content=\"Europa m\u00f6chte, dass mehr St\u00e4dte die Abw\u00e4rme von Rechenzentren nutzen - Akku Celle Blog\" \/>\n<meta property=\"og:description\" content=\"Die EU \u2013 und insbesondere Deutschland \u2013 hat mit ihren Pl\u00e4nen, die Umweltauswirkungen des Kontinents zu reduzieren, f\u00fcr einige Best\u00fcrzung in der Rechenzentrumsbranche gesorgt. Die &hellip;\" \/>\n<meta property=\"og:url\" content=\"https:\/\/www.akkucelle.com\/blog\/archives\/1122\" \/>\n<meta property=\"og:site_name\" content=\"Akku Celle Blog\" \/>\n<meta property=\"article:published_time\" content=\"2023-04-24T07:20:36+00:00\" \/>\n<meta name=\"author\" content=\"admin\" \/>\n<meta name=\"twitter:card\" content=\"summary_large_image\" \/>\n<meta name=\"twitter:label1\" content=\"Verfasst von\" \/>\n\t<meta name=\"twitter:data1\" content=\"admin\" \/>\n\t<meta name=\"twitter:label2\" content=\"Gesch\u00e4tzte Lesezeit\" \/>\n\t<meta name=\"twitter:data2\" content=\"2\u00a0Minuten\" \/>\n<script type=\"application\/ld+json\" class=\"yoast-schema-graph\">{\"@context\":\"https:\/\/schema.org\",\"@graph\":[{\"@type\":\"Article\",\"@id\":\"https:\/\/www.akkucelle.com\/blog\/archives\/1122#article\",\"isPartOf\":{\"@id\":\"https:\/\/www.akkucelle.com\/blog\/archives\/1122\"},\"author\":{\"name\":\"admin\",\"@id\":\"https:\/\/www.akkucelle.com\/blog\/#\/schema\/person\/6027b15e94c1bf3787af6e5b0bec2e8b\"},\"headline\":\"Europa m\u00f6chte, dass mehr St\u00e4dte die Abw\u00e4rme von Rechenzentren nutzen\",\"datePublished\":\"2023-04-24T07:20:36+00:00\",\"mainEntityOfPage\":{\"@id\":\"https:\/\/www.akkucelle.com\/blog\/archives\/1122\"},\"wordCount\":438,\"commentCount\":0,\"publisher\":{\"@id\":\"https:\/\/www.akkucelle.com\/blog\/#organization\"},\"articleSection\":[\"Uncategorized\"],\"inLanguage\":\"de\",\"potentialAction\":[{\"@type\":\"CommentAction\",\"name\":\"Comment\",\"target\":[\"https:\/\/www.akkucelle.com\/blog\/archives\/1122#respond\"]}]},{\"@type\":\"WebPage\",\"@id\":\"https:\/\/www.akkucelle.com\/blog\/archives\/1122\",\"url\":\"https:\/\/www.akkucelle.com\/blog\/archives\/1122\",\"name\":\"Europa m\u00f6chte, dass mehr St\u00e4dte die Abw\u00e4rme von Rechenzentren nutzen - Akku Celle Blog\",\"isPartOf\":{\"@id\":\"https:\/\/www.akkucelle.com\/blog\/#website\"},\"datePublished\":\"2023-04-24T07:20:36+00:00\",\"breadcrumb\":{\"@id\":\"https:\/\/www.akkucelle.com\/blog\/archives\/1122#breadcrumb\"},\"inLanguage\":\"de\",\"potentialAction\":[{\"@type\":\"ReadAction\",\"target\":[\"https:\/\/www.akkucelle.com\/blog\/archives\/1122\"]}]},{\"@type\":\"BreadcrumbList\",\"@id\":\"https:\/\/www.akkucelle.com\/blog\/archives\/1122#breadcrumb\",\"itemListElement\":[{\"@type\":\"ListItem\",\"position\":1,\"name\":\"Startseite\",\"item\":\"https:\/\/www.akkucelle.com\/blog\"},{\"@type\":\"ListItem\",\"position\":2,\"name\":\"Europa m\u00f6chte, dass mehr St\u00e4dte die Abw\u00e4rme von Rechenzentren nutzen\"}]},{\"@type\":\"WebSite\",\"@id\":\"https:\/\/www.akkucelle.com\/blog\/#website\",\"url\":\"https:\/\/www.akkucelle.com\/blog\/\",\"name\":\"Akku Celle Blog\",\"description\":\"Akku und Adapter Blog\",\"publisher\":{\"@id\":\"https:\/\/www.akkucelle.com\/blog\/#organization\"},\"potentialAction\":[{\"@type\":\"SearchAction\",\"target\":{\"@type\":\"EntryPoint\",\"urlTemplate\":\"https:\/\/www.akkucelle.com\/blog\/?s={search_term_string}\"},\"query-input\":{\"@type\":\"PropertyValueSpecification\",\"valueRequired\":true,\"valueName\":\"search_term_string\"}}],\"inLanguage\":\"de\"},{\"@type\":\"Organization\",\"@id\":\"https:\/\/www.akkucelle.com\/blog\/#organization\",\"name\":\"Akku und Adapter Blog\",\"url\":\"https:\/\/www.akkucelle.com\/blog\/\",\"logo\":{\"@type\":\"ImageObject\",\"inLanguage\":\"de\",\"@id\":\"https:\/\/www.akkucelle.com\/blog\/#\/schema\/logo\/image\/\",\"url\":\"https:\/\/www.akkucelle.com\/blog\/wp-content\/uploads\/2025\/02\/logo.png\",\"contentUrl\":\"https:\/\/www.akkucelle.com\/blog\/wp-content\/uploads\/2025\/02\/logo.png\",\"width\":250,\"height\":62,\"caption\":\"Akku und Adapter Blog\"},\"image\":{\"@id\":\"https:\/\/www.akkucelle.com\/blog\/#\/schema\/logo\/image\/\"}},{\"@type\":\"Person\",\"@id\":\"https:\/\/www.akkucelle.com\/blog\/#\/schema\/person\/6027b15e94c1bf3787af6e5b0bec2e8b\",\"name\":\"admin\",\"image\":{\"@type\":\"ImageObject\",\"inLanguage\":\"de\",\"@id\":\"https:\/\/www.akkucelle.com\/blog\/#\/schema\/person\/image\/\",\"url\":\"https:\/\/secure.gravatar.com\/avatar\/cb907c0a6e40d5c20e5bca18c43bd4b4dfabdc2c0735889a0971a66d8bf31662?s=96&d=mm&r=g\",\"contentUrl\":\"https:\/\/secure.gravatar.com\/avatar\/cb907c0a6e40d5c20e5bca18c43bd4b4dfabdc2c0735889a0971a66d8bf31662?s=96&d=mm&r=g\",\"caption\":\"admin\"},\"sameAs\":[\"https:\/\/www.akkucelle.com\/blog\"],\"url\":\"https:\/\/www.akkucelle.com\/blog\/archives\/author\/admin\"}]}<\/script>\n<!-- \/ Yoast SEO plugin. -->","yoast_head_json":{"title":"Europa m\u00f6chte, dass mehr St\u00e4dte die Abw\u00e4rme von Rechenzentren nutzen - Akku Celle Blog","robots":{"index":"index","follow":"follow","max-snippet":"max-snippet:-1","max-image-preview":"max-image-preview:large","max-video-preview":"max-video-preview:-1"},"canonical":"https:\/\/www.akkucelle.com\/blog\/archives\/1122","og_locale":"de_DE","og_type":"article","og_title":"Europa m\u00f6chte, dass mehr St\u00e4dte die Abw\u00e4rme von Rechenzentren nutzen - Akku Celle Blog","og_description":"Die EU \u2013 und insbesondere Deutschland \u2013 hat mit ihren Pl\u00e4nen, die Umweltauswirkungen des Kontinents zu reduzieren, f\u00fcr einige Best\u00fcrzung in der Rechenzentrumsbranche gesorgt. Die &hellip;","og_url":"https:\/\/www.akkucelle.com\/blog\/archives\/1122","og_site_name":"Akku Celle Blog","article_published_time":"2023-04-24T07:20:36+00:00","author":"admin","twitter_card":"summary_large_image","twitter_misc":{"Verfasst von":"admin","Gesch\u00e4tzte Lesezeit":"2\u00a0Minuten"},"schema":{"@context":"https:\/\/schema.org","@graph":[{"@type":"Article","@id":"https:\/\/www.akkucelle.com\/blog\/archives\/1122#article","isPartOf":{"@id":"https:\/\/www.akkucelle.com\/blog\/archives\/1122"},"author":{"name":"admin","@id":"https:\/\/www.akkucelle.com\/blog\/#\/schema\/person\/6027b15e94c1bf3787af6e5b0bec2e8b"},"headline":"Europa m\u00f6chte, dass mehr St\u00e4dte die Abw\u00e4rme von Rechenzentren nutzen","datePublished":"2023-04-24T07:20:36+00:00","mainEntityOfPage":{"@id":"https:\/\/www.akkucelle.com\/blog\/archives\/1122"},"wordCount":438,"commentCount":0,"publisher":{"@id":"https:\/\/www.akkucelle.com\/blog\/#organization"},"articleSection":["Uncategorized"],"inLanguage":"de","potentialAction":[{"@type":"CommentAction","name":"Comment","target":["https:\/\/www.akkucelle.com\/blog\/archives\/1122#respond"]}]},{"@type":"WebPage","@id":"https:\/\/www.akkucelle.com\/blog\/archives\/1122","url":"https:\/\/www.akkucelle.com\/blog\/archives\/1122","name":"Europa m\u00f6chte, dass mehr St\u00e4dte die Abw\u00e4rme von Rechenzentren nutzen - Akku Celle Blog","isPartOf":{"@id":"https:\/\/www.akkucelle.com\/blog\/#website"},"datePublished":"2023-04-24T07:20:36+00:00","breadcrumb":{"@id":"https:\/\/www.akkucelle.com\/blog\/archives\/1122#breadcrumb"},"inLanguage":"de","potentialAction":[{"@type":"ReadAction","target":["https:\/\/www.akkucelle.com\/blog\/archives\/1122"]}]},{"@type":"BreadcrumbList","@id":"https:\/\/www.akkucelle.com\/blog\/archives\/1122#breadcrumb","itemListElement":[{"@type":"ListItem","position":1,"name":"Startseite","item":"https:\/\/www.akkucelle.com\/blog"},{"@type":"ListItem","position":2,"name":"Europa m\u00f6chte, dass mehr St\u00e4dte die Abw\u00e4rme von Rechenzentren nutzen"}]},{"@type":"WebSite","@id":"https:\/\/www.akkucelle.com\/blog\/#website","url":"https:\/\/www.akkucelle.com\/blog\/","name":"Akku Celle Blog","description":"Akku und Adapter Blog","publisher":{"@id":"https:\/\/www.akkucelle.com\/blog\/#organization"},"potentialAction":[{"@type":"SearchAction","target":{"@type":"EntryPoint","urlTemplate":"https:\/\/www.akkucelle.com\/blog\/?s={search_term_string}"},"query-input":{"@type":"PropertyValueSpecification","valueRequired":true,"valueName":"search_term_string"}}],"inLanguage":"de"},{"@type":"Organization","@id":"https:\/\/www.akkucelle.com\/blog\/#organization","name":"Akku und Adapter Blog","url":"https:\/\/www.akkucelle.com\/blog\/","logo":{"@type":"ImageObject","inLanguage":"de","@id":"https:\/\/www.akkucelle.com\/blog\/#\/schema\/logo\/image\/","url":"https:\/\/www.akkucelle.com\/blog\/wp-content\/uploads\/2025\/02\/logo.png","contentUrl":"https:\/\/www.akkucelle.com\/blog\/wp-content\/uploads\/2025\/02\/logo.png","width":250,"height":62,"caption":"Akku und Adapter Blog"},"image":{"@id":"https:\/\/www.akkucelle.com\/blog\/#\/schema\/logo\/image\/"}},{"@type":"Person","@id":"https:\/\/www.akkucelle.com\/blog\/#\/schema\/person\/6027b15e94c1bf3787af6e5b0bec2e8b","name":"admin","image":{"@type":"ImageObject","inLanguage":"de","@id":"https:\/\/www.akkucelle.com\/blog\/#\/schema\/person\/image\/","url":"https:\/\/secure.gravatar.com\/avatar\/cb907c0a6e40d5c20e5bca18c43bd4b4dfabdc2c0735889a0971a66d8bf31662?s=96&d=mm&r=g","contentUrl":"https:\/\/secure.gravatar.com\/avatar\/cb907c0a6e40d5c20e5bca18c43bd4b4dfabdc2c0735889a0971a66d8bf31662?s=96&d=mm&r=g","caption":"admin"},"sameAs":["https:\/\/www.akkucelle.com\/blog"],"url":"https:\/\/www.akkucelle.com\/blog\/archives\/author\/admin"}]}},"_links":{"self":[{"href":"https:\/\/www.akkucelle.com\/blog\/wp-json\/wp\/v2\/posts\/1122","targetHints":{"allow":["GET"]}}],"collection":[{"href":"https:\/\/www.akkucelle.com\/blog\/wp-json\/wp\/v2\/posts"}],"about":[{"href":"https:\/\/www.akkucelle.com\/blog\/wp-json\/wp\/v2\/types\/post"}],"author":[{"embeddable":true,"href":"https:\/\/www.akkucelle.com\/blog\/wp-json\/wp\/v2\/users\/1"}],"replies":[{"embeddable":true,"href":"https:\/\/www.akkucelle.com\/blog\/wp-json\/wp\/v2\/comments?post=1122"}],"version-history":[{"count":1,"href":"https:\/\/www.akkucelle.com\/blog\/wp-json\/wp\/v2\/posts\/1122\/revisions"}],"predecessor-version":[{"id":1123,"href":"https:\/\/www.akkucelle.com\/blog\/wp-json\/wp\/v2\/posts\/1122\/revisions\/1123"}],"wp:attachment":[{"href":"https:\/\/www.akkucelle.com\/blog\/wp-json\/wp\/v2\/media?parent=1122"}],"wp:term":[{"taxonomy":"category","embeddable":true,"href":"https:\/\/www.akkucelle.com\/blog\/wp-json\/wp\/v2\/categories?post=1122"},{"taxonomy":"post_tag","embeddable":true,"href":"https:\/\/www.akkucelle.com\/blog\/wp-json\/wp\/v2\/tags?post=1122"}],"curies":[{"name":"wp","href":"https:\/\/api.w.org\/{rel}","templated":true}]}}