{"id":172,"date":"2022-08-08T00:50:19","date_gmt":"2022-08-08T00:50:19","guid":{"rendered":"https:\/\/www.akkucelle.com\/blog\/?p=172"},"modified":"2022-08-08T00:50:19","modified_gmt":"2022-08-08T00:50:19","slug":"apple-beginnt-mit-der-aufzeichnung-von-konferenzvideos-fuer-das-iphone-14-und-die-apple-watch-series-8","status":"publish","type":"post","link":"https:\/\/www.akkucelle.com\/blog\/archives\/172","title":{"rendered":"Apple beginnt mit der Aufzeichnung von Konferenzvideos f\u00fcr das iPhone 14 und die Apple Watch Series 8"},"content":{"rendered":"\n<p>Apple hat damit begonnen, vorab aufgezeichnete Videos f\u00fcr seine Produkteinf\u00fchrungsveranstaltung im Herbst zu erstellen, wobei die iPhone 14-Veranstaltung im September voraussichtlich in der ersten Monatsh\u00e4lfte zusammen mit der Apple Watch Series 8 stattfinden wird. Seit Beginn der COVID-19-Pandemie wurden die Veranstaltungen von Apple auf Video aufgezeichnet, wobei vorab aufgezeichnete Videos an die Welt gesendet wurden und nicht an ein Live-Publikum.<\/p>\n\n\n\n<p>F\u00fcr den letzten Start im September sieht es so aus, als w\u00fcrde Apple diesen Pr\u00e4sentationsstil mit einem weiteren iPhone-Start fortsetzen.<\/p>\n\n\n\n<p>Laut Mark Gurmans \u201ePower On\u201c-Newsletter f\u00fcr Bloomberg sagte eine Quelle, dass Apple damit begonnen habe, Aufnahmen seiner September-Veranstaltung aufzunehmen. Zudem soll der Launch Anfang September stattfinden.<\/p>\n\n\n\n<p>Laut Gurman wird die Veranstaltung die erste von zwei Veranstaltungen sein, von denen sich die erste auf die Serien iPhone 14, iPhone 14 Pro und Apple Watch 8 konzentrieren wird. Eine zweite Veranstaltung, voraussichtlich im Oktober, wird das iPad- und Mac-Lineup pr\u00e4sentieren.<\/p>\n\n\n\n<p>Das iPhone 14 und Pro werden voraussichtlich aus 6,1-Zoll- und 6,7-Zoll-\u201eMax\u201c-Modellen bestehen, ohne eine \u201eMini\u201c-Version. Im Gegensatz zu den Vorjahren scheinen die meisten Upgrades nur f\u00fcr das Pro-Modell verf\u00fcgbar zu sein, darunter eine 48-Megapixel-Kamera, ein st\u00e4ndig eingeschaltetes Display, ein A16-Chip und ein Pill-Hole-Ausschnitt f\u00fcr die True-Depth-Kamera.<\/p>\n\n\n\n<p>Die Apple Watch Series 8 wird voraussichtlich einen K\u00f6rpertemperatursensor enthalten, aber wahrscheinlich kein komplettes Redesign. Es wird gemunkelt, dass ein gr\u00f6\u00dferes \u201ePro\u201c-Modell ein robustes Design f\u00fcr Sport und Aktivit\u00e4ten hat, um starke Sportunebenheiten, sportliche und nasse Bedingungen zu bew\u00e4ltigen.<\/p>\n","protected":false},"excerpt":{"rendered":"<p>Apple hat damit begonnen, vorab aufgezeichnete Videos f\u00fcr seine Produkteinf\u00fchrungsveranstaltung im Herbst zu erstellen, wobei die iPhone 14-Veranstaltung im September voraussichtlich in der ersten Monatsh\u00e4lfte &hellip; <\/p>\n","protected":false},"author":1,"featured_media":0,"comment_status":"open","ping_status":"open","sticky":false,"template":"","format":"standard","meta":{"footnotes":""},"categories":[3],"tags":[],"class_list":["post-172","post","type-post","status-publish","format-standard","hentry","category-news"],"yoast_head":"<!-- This site is optimized with the Yoast SEO plugin v24.4 - https:\/\/yoast.com\/wordpress\/plugins\/seo\/ -->\n<title>Apple beginnt mit der Aufzeichnung von Konferenzvideos f\u00fcr das iPhone 14 und die Apple Watch Series 8 - Akku Celle Blog<\/title>\n<meta name=\"robots\" content=\"index, follow, max-snippet:-1, max-image-preview:large, max-video-preview:-1\" \/>\n<link rel=\"canonical\" href=\"https:\/\/www.akkucelle.com\/blog\/archives\/172\" \/>\n<meta property=\"og:locale\" content=\"de_DE\" \/>\n<meta property=\"og:type\" content=\"article\" \/>\n<meta property=\"og:title\" content=\"Apple beginnt mit der Aufzeichnung von Konferenzvideos f\u00fcr das iPhone 14 und die Apple Watch Series 8 - Akku Celle Blog\" \/>\n<meta property=\"og:description\" content=\"Apple hat damit begonnen, vorab aufgezeichnete Videos f\u00fcr seine Produkteinf\u00fchrungsveranstaltung im Herbst zu erstellen, wobei die iPhone 14-Veranstaltung im September voraussichtlich in der ersten Monatsh\u00e4lfte &hellip;\" \/>\n<meta property=\"og:url\" content=\"https:\/\/www.akkucelle.com\/blog\/archives\/172\" \/>\n<meta property=\"og:site_name\" content=\"Akku Celle Blog\" \/>\n<meta property=\"article:published_time\" content=\"2022-08-08T00:50:19+00:00\" \/>\n<meta name=\"author\" content=\"admin\" \/>\n<meta name=\"twitter:card\" content=\"summary_large_image\" \/>\n<meta name=\"twitter:label1\" content=\"Verfasst von\" \/>\n\t<meta name=\"twitter:data1\" content=\"admin\" \/>\n\t<meta name=\"twitter:label2\" content=\"Gesch\u00e4tzte Lesezeit\" \/>\n\t<meta name=\"twitter:data2\" content=\"1\u00a0Minute\" \/>\n<script type=\"application\/ld+json\" class=\"yoast-schema-graph\">{\"@context\":\"https:\/\/schema.org\",\"@graph\":[{\"@type\":\"Article\",\"@id\":\"https:\/\/www.akkucelle.com\/blog\/archives\/172#article\",\"isPartOf\":{\"@id\":\"https:\/\/www.akkucelle.com\/blog\/archives\/172\"},\"author\":{\"name\":\"admin\",\"@id\":\"https:\/\/www.akkucelle.com\/blog\/#\/schema\/person\/6027b15e94c1bf3787af6e5b0bec2e8b\"},\"headline\":\"Apple beginnt mit der Aufzeichnung von Konferenzvideos f\u00fcr das iPhone 14 und die Apple Watch Series 8\",\"datePublished\":\"2022-08-08T00:50:19+00:00\",\"mainEntityOfPage\":{\"@id\":\"https:\/\/www.akkucelle.com\/blog\/archives\/172\"},\"wordCount\":267,\"commentCount\":0,\"publisher\":{\"@id\":\"https:\/\/www.akkucelle.com\/blog\/#organization\"},\"articleSection\":[\"NEWS\"],\"inLanguage\":\"de\",\"potentialAction\":[{\"@type\":\"CommentAction\",\"name\":\"Comment\",\"target\":[\"https:\/\/www.akkucelle.com\/blog\/archives\/172#respond\"]}]},{\"@type\":\"WebPage\",\"@id\":\"https:\/\/www.akkucelle.com\/blog\/archives\/172\",\"url\":\"https:\/\/www.akkucelle.com\/blog\/archives\/172\",\"name\":\"Apple beginnt mit der Aufzeichnung von Konferenzvideos f\u00fcr das iPhone 14 und die Apple Watch Series 8 - Akku Celle Blog\",\"isPartOf\":{\"@id\":\"https:\/\/www.akkucelle.com\/blog\/#website\"},\"datePublished\":\"2022-08-08T00:50:19+00:00\",\"breadcrumb\":{\"@id\":\"https:\/\/www.akkucelle.com\/blog\/archives\/172#breadcrumb\"},\"inLanguage\":\"de\",\"potentialAction\":[{\"@type\":\"ReadAction\",\"target\":[\"https:\/\/www.akkucelle.com\/blog\/archives\/172\"]}]},{\"@type\":\"BreadcrumbList\",\"@id\":\"https:\/\/www.akkucelle.com\/blog\/archives\/172#breadcrumb\",\"itemListElement\":[{\"@type\":\"ListItem\",\"position\":1,\"name\":\"Startseite\",\"item\":\"https:\/\/www.akkucelle.com\/blog\"},{\"@type\":\"ListItem\",\"position\":2,\"name\":\"Apple beginnt mit der Aufzeichnung von Konferenzvideos f\u00fcr das iPhone 14 und die Apple Watch Series 8\"}]},{\"@type\":\"WebSite\",\"@id\":\"https:\/\/www.akkucelle.com\/blog\/#website\",\"url\":\"https:\/\/www.akkucelle.com\/blog\/\",\"name\":\"Akku Celle Blog\",\"description\":\"Akku und Adapter Blog\",\"publisher\":{\"@id\":\"https:\/\/www.akkucelle.com\/blog\/#organization\"},\"potentialAction\":[{\"@type\":\"SearchAction\",\"target\":{\"@type\":\"EntryPoint\",\"urlTemplate\":\"https:\/\/www.akkucelle.com\/blog\/?s={search_term_string}\"},\"query-input\":{\"@type\":\"PropertyValueSpecification\",\"valueRequired\":true,\"valueName\":\"search_term_string\"}}],\"inLanguage\":\"de\"},{\"@type\":\"Organization\",\"@id\":\"https:\/\/www.akkucelle.com\/blog\/#organization\",\"name\":\"Akku und Adapter Blog\",\"url\":\"https:\/\/www.akkucelle.com\/blog\/\",\"logo\":{\"@type\":\"ImageObject\",\"inLanguage\":\"de\",\"@id\":\"https:\/\/www.akkucelle.com\/blog\/#\/schema\/logo\/image\/\",\"url\":\"https:\/\/www.akkucelle.com\/blog\/wp-content\/uploads\/2025\/02\/logo.png\",\"contentUrl\":\"https:\/\/www.akkucelle.com\/blog\/wp-content\/uploads\/2025\/02\/logo.png\",\"width\":250,\"height\":62,\"caption\":\"Akku und Adapter Blog\"},\"image\":{\"@id\":\"https:\/\/www.akkucelle.com\/blog\/#\/schema\/logo\/image\/\"}},{\"@type\":\"Person\",\"@id\":\"https:\/\/www.akkucelle.com\/blog\/#\/schema\/person\/6027b15e94c1bf3787af6e5b0bec2e8b\",\"name\":\"admin\",\"image\":{\"@type\":\"ImageObject\",\"inLanguage\":\"de\",\"@id\":\"https:\/\/www.akkucelle.com\/blog\/#\/schema\/person\/image\/\",\"url\":\"https:\/\/secure.gravatar.com\/avatar\/cb907c0a6e40d5c20e5bca18c43bd4b4dfabdc2c0735889a0971a66d8bf31662?s=96&d=mm&r=g\",\"contentUrl\":\"https:\/\/secure.gravatar.com\/avatar\/cb907c0a6e40d5c20e5bca18c43bd4b4dfabdc2c0735889a0971a66d8bf31662?s=96&d=mm&r=g\",\"caption\":\"admin\"},\"sameAs\":[\"https:\/\/www.akkucelle.com\/blog\"],\"url\":\"https:\/\/www.akkucelle.com\/blog\/archives\/author\/admin\"}]}<\/script>\n<!-- \/ Yoast SEO plugin. -->","yoast_head_json":{"title":"Apple beginnt mit der Aufzeichnung von Konferenzvideos f\u00fcr das iPhone 14 und die Apple Watch Series 8 - Akku Celle Blog","robots":{"index":"index","follow":"follow","max-snippet":"max-snippet:-1","max-image-preview":"max-image-preview:large","max-video-preview":"max-video-preview:-1"},"canonical":"https:\/\/www.akkucelle.com\/blog\/archives\/172","og_locale":"de_DE","og_type":"article","og_title":"Apple beginnt mit der Aufzeichnung von Konferenzvideos f\u00fcr das iPhone 14 und die Apple Watch Series 8 - Akku Celle Blog","og_description":"Apple hat damit begonnen, vorab aufgezeichnete Videos f\u00fcr seine Produkteinf\u00fchrungsveranstaltung im Herbst zu erstellen, wobei die iPhone 14-Veranstaltung im September voraussichtlich in der ersten Monatsh\u00e4lfte &hellip;","og_url":"https:\/\/www.akkucelle.com\/blog\/archives\/172","og_site_name":"Akku Celle Blog","article_published_time":"2022-08-08T00:50:19+00:00","author":"admin","twitter_card":"summary_large_image","twitter_misc":{"Verfasst von":"admin","Gesch\u00e4tzte Lesezeit":"1\u00a0Minute"},"schema":{"@context":"https:\/\/schema.org","@graph":[{"@type":"Article","@id":"https:\/\/www.akkucelle.com\/blog\/archives\/172#article","isPartOf":{"@id":"https:\/\/www.akkucelle.com\/blog\/archives\/172"},"author":{"name":"admin","@id":"https:\/\/www.akkucelle.com\/blog\/#\/schema\/person\/6027b15e94c1bf3787af6e5b0bec2e8b"},"headline":"Apple beginnt mit der Aufzeichnung von Konferenzvideos f\u00fcr das iPhone 14 und die Apple Watch Series 8","datePublished":"2022-08-08T00:50:19+00:00","mainEntityOfPage":{"@id":"https:\/\/www.akkucelle.com\/blog\/archives\/172"},"wordCount":267,"commentCount":0,"publisher":{"@id":"https:\/\/www.akkucelle.com\/blog\/#organization"},"articleSection":["NEWS"],"inLanguage":"de","potentialAction":[{"@type":"CommentAction","name":"Comment","target":["https:\/\/www.akkucelle.com\/blog\/archives\/172#respond"]}]},{"@type":"WebPage","@id":"https:\/\/www.akkucelle.com\/blog\/archives\/172","url":"https:\/\/www.akkucelle.com\/blog\/archives\/172","name":"Apple beginnt mit der Aufzeichnung von Konferenzvideos f\u00fcr das iPhone 14 und die Apple Watch Series 8 - Akku Celle Blog","isPartOf":{"@id":"https:\/\/www.akkucelle.com\/blog\/#website"},"datePublished":"2022-08-08T00:50:19+00:00","breadcrumb":{"@id":"https:\/\/www.akkucelle.com\/blog\/archives\/172#breadcrumb"},"inLanguage":"de","potentialAction":[{"@type":"ReadAction","target":["https:\/\/www.akkucelle.com\/blog\/archives\/172"]}]},{"@type":"BreadcrumbList","@id":"https:\/\/www.akkucelle.com\/blog\/archives\/172#breadcrumb","itemListElement":[{"@type":"ListItem","position":1,"name":"Startseite","item":"https:\/\/www.akkucelle.com\/blog"},{"@type":"ListItem","position":2,"name":"Apple beginnt mit der Aufzeichnung von Konferenzvideos f\u00fcr das iPhone 14 und die Apple Watch Series 8"}]},{"@type":"WebSite","@id":"https:\/\/www.akkucelle.com\/blog\/#website","url":"https:\/\/www.akkucelle.com\/blog\/","name":"Akku Celle Blog","description":"Akku und Adapter Blog","publisher":{"@id":"https:\/\/www.akkucelle.com\/blog\/#organization"},"potentialAction":[{"@type":"SearchAction","target":{"@type":"EntryPoint","urlTemplate":"https:\/\/www.akkucelle.com\/blog\/?s={search_term_string}"},"query-input":{"@type":"PropertyValueSpecification","valueRequired":true,"valueName":"search_term_string"}}],"inLanguage":"de"},{"@type":"Organization","@id":"https:\/\/www.akkucelle.com\/blog\/#organization","name":"Akku und Adapter Blog","url":"https:\/\/www.akkucelle.com\/blog\/","logo":{"@type":"ImageObject","inLanguage":"de","@id":"https:\/\/www.akkucelle.com\/blog\/#\/schema\/logo\/image\/","url":"https:\/\/www.akkucelle.com\/blog\/wp-content\/uploads\/2025\/02\/logo.png","contentUrl":"https:\/\/www.akkucelle.com\/blog\/wp-content\/uploads\/2025\/02\/logo.png","width":250,"height":62,"caption":"Akku und Adapter Blog"},"image":{"@id":"https:\/\/www.akkucelle.com\/blog\/#\/schema\/logo\/image\/"}},{"@type":"Person","@id":"https:\/\/www.akkucelle.com\/blog\/#\/schema\/person\/6027b15e94c1bf3787af6e5b0bec2e8b","name":"admin","image":{"@type":"ImageObject","inLanguage":"de","@id":"https:\/\/www.akkucelle.com\/blog\/#\/schema\/person\/image\/","url":"https:\/\/secure.gravatar.com\/avatar\/cb907c0a6e40d5c20e5bca18c43bd4b4dfabdc2c0735889a0971a66d8bf31662?s=96&d=mm&r=g","contentUrl":"https:\/\/secure.gravatar.com\/avatar\/cb907c0a6e40d5c20e5bca18c43bd4b4dfabdc2c0735889a0971a66d8bf31662?s=96&d=mm&r=g","caption":"admin"},"sameAs":["https:\/\/www.akkucelle.com\/blog"],"url":"https:\/\/www.akkucelle.com\/blog\/archives\/author\/admin"}]}},"_links":{"self":[{"href":"https:\/\/www.akkucelle.com\/blog\/wp-json\/wp\/v2\/posts\/172","targetHints":{"allow":["GET"]}}],"collection":[{"href":"https:\/\/www.akkucelle.com\/blog\/wp-json\/wp\/v2\/posts"}],"about":[{"href":"https:\/\/www.akkucelle.com\/blog\/wp-json\/wp\/v2\/types\/post"}],"author":[{"embeddable":true,"href":"https:\/\/www.akkucelle.com\/blog\/wp-json\/wp\/v2\/users\/1"}],"replies":[{"embeddable":true,"href":"https:\/\/www.akkucelle.com\/blog\/wp-json\/wp\/v2\/comments?post=172"}],"version-history":[{"count":1,"href":"https:\/\/www.akkucelle.com\/blog\/wp-json\/wp\/v2\/posts\/172\/revisions"}],"predecessor-version":[{"id":173,"href":"https:\/\/www.akkucelle.com\/blog\/wp-json\/wp\/v2\/posts\/172\/revisions\/173"}],"wp:attachment":[{"href":"https:\/\/www.akkucelle.com\/blog\/wp-json\/wp\/v2\/media?parent=172"}],"wp:term":[{"taxonomy":"category","embeddable":true,"href":"https:\/\/www.akkucelle.com\/blog\/wp-json\/wp\/v2\/categories?post=172"},{"taxonomy":"post_tag","embeddable":true,"href":"https:\/\/www.akkucelle.com\/blog\/wp-json\/wp\/v2\/tags?post=172"}],"curies":[{"name":"wp","href":"https:\/\/api.w.org\/{rel}","templated":true}]}}