{"id":688,"date":"2022-11-29T06:21:55","date_gmt":"2022-11-29T06:21:55","guid":{"rendered":"https:\/\/www.akkucelle.com\/blog\/?p=688"},"modified":"2022-11-29T06:21:55","modified_gmt":"2022-11-29T06:21:55","slug":"das-iphone-14-pro-wird-in-frankreich-nicht-vor-weihnachten-erhaeltlich-sein-die-produktion-wird-eingestellt","status":"publish","type":"post","link":"https:\/\/www.akkucelle.com\/blog\/archives\/688","title":{"rendered":"Das iPhone 14 Pro wird in Frankreich nicht vor Weihnachten erh\u00e4ltlich sein, die Produktion wird eingestellt"},"content":{"rendered":"\n<figure class=\"wp-block-image size-large\"><img loading=\"lazy\" decoding=\"async\" width=\"1024\" height=\"640\" src=\"https:\/\/www.akkucelle.com\/blog\/wp-content\/uploads\/2022\/11\/image-37-1024x640.png\" alt=\"\" class=\"wp-image-689\" srcset=\"https:\/\/www.akkucelle.com\/blog\/wp-content\/uploads\/2022\/11\/image-37-1024x640.png 1024w, https:\/\/www.akkucelle.com\/blog\/wp-content\/uploads\/2022\/11\/image-37-300x188.png 300w, https:\/\/www.akkucelle.com\/blog\/wp-content\/uploads\/2022\/11\/image-37-768x480.png 768w, https:\/\/www.akkucelle.com\/blog\/wp-content\/uploads\/2022\/11\/image-37.png 1200w\" sizes=\"auto, (max-width: 1024px) 100vw, 1024px\" \/><\/figure>\n\n\n\n<p><\/p>\n\n\n\n<p>Letzte Woche brachen gewaltt\u00e4tige Proteste in Apples wichtigster iPhone-Fertigungsst\u00e4tte in Zhengzhou, China, aus. Tausende Arbeiter haben aus Angst, sich mit COVID-19 anzustecken, versucht, aus der Fabrik zu fliehen, und die Zusammenst\u00f6\u00dfe zwischen Strafverfolgungsbeh\u00f6rden und Arbeitern haben sich in den letzten Tagen noch versch\u00e4rft.<\/p>\n\n\n\n<p>In den sozialen Medien zeigten viele Videos Fabrikarbeiter, die mit Gewalt versuchten, ihre Arbeitspl\u00e4tze zu verlassen. Seitdem hat China mehrere Ausgangssperren im ganzen Land verf\u00fcgt, aber es scheint, dass ein Teil der chinesischen Bev\u00f6lkerung beschlossen hat, sie nicht loszulassen. W\u00e4hrend im ganzen Land Unruhen toben, wird die Produktion des iPhone 14 gestoppt.<\/p>\n\n\n\n<p>IPHONE 14 PRO LIEFERZEITEN SIND L\u00c4NGER<br>Schon vor einigen Wochen haben wir euch gesagt, dass ihr euch beeilen m\u00fcsst, wenn ihr Apples neustes Smartphone zu Weihnachten haben wollt. F\u00fcr eine Suche unter dem Baum scheint es nun zu sp\u00e4t zu sein, da sich durch den Stillstand der Produktion die Lieferzeiten stark verl\u00e4ngert haben.<\/p>\n\n\n\n<p>Auf der Apple-Website sehen wir, dass das iPhone 14 und 14 Pro nicht vor dem 28. Dezember nach Weihnachten geliefert wird. Schlimmer noch, die meisten Farbvarianten werden erst Anfang Januar 2023 eintreffen.<\/p>\n\n\n\n<p>Das iPhone 14 und 14 Plus ihrerseits sind wenig \u00fcberraschend diese Woche oder sogar n\u00e4chste Woche erh\u00e4ltlich. W\u00e4hrend das iPhone 14 Pro und 14 Pro Max ein echter Hit sind, k\u00f6nnen das iPhone 14 und 14 Plus Apple-Fans nicht verf\u00fchren. Trotz ihres g\u00fcnstigeren Preises bieten letztere im Vergleich zur vorherigen Generation fast keine \u00c4nderung, was es schwierig macht, sie jedem zu empfehlen.<\/p>\n\n\n\n<p>Da sich die Situation in China offensichtlich nicht verbessern wird, ist damit zu rechnen, dass sich die Lieferzeiten des iPhone 14 Pro und 14 Pro Max weiter verl\u00e4ngern werden. Apple wird wohl versuchen, die Produktion seiner Smartphones in Indien zu erh\u00f6hen, wird aber die hohe Nachfrage w\u00e4hrend der Ferienzeit nicht bedienen k\u00f6nnen.<\/p>\n","protected":false},"excerpt":{"rendered":"<p>Letzte Woche brachen gewaltt\u00e4tige Proteste in Apples wichtigster iPhone-Fertigungsst\u00e4tte in Zhengzhou, China, aus. Tausende Arbeiter haben aus Angst, sich mit COVID-19 anzustecken, versucht, aus der &hellip; <\/p>\n","protected":false},"author":1,"featured_media":0,"comment_status":"open","ping_status":"open","sticky":false,"template":"","format":"standard","meta":{"footnotes":""},"categories":[1],"tags":[],"class_list":["post-688","post","type-post","status-publish","format-standard","hentry","category-uncategorized"],"yoast_head":"<!-- This site is optimized with the Yoast SEO plugin v24.4 - https:\/\/yoast.com\/wordpress\/plugins\/seo\/ -->\n<title>Das iPhone 14 Pro wird in Frankreich nicht vor Weihnachten erh\u00e4ltlich sein, die Produktion wird eingestellt - Akku Celle Blog<\/title>\n<meta name=\"robots\" content=\"index, follow, max-snippet:-1, max-image-preview:large, max-video-preview:-1\" \/>\n<link rel=\"canonical\" href=\"https:\/\/www.akkucelle.com\/blog\/archives\/688\" \/>\n<meta property=\"og:locale\" content=\"de_DE\" \/>\n<meta property=\"og:type\" content=\"article\" \/>\n<meta property=\"og:title\" content=\"Das iPhone 14 Pro wird in Frankreich nicht vor Weihnachten erh\u00e4ltlich sein, die Produktion wird eingestellt - Akku Celle Blog\" \/>\n<meta property=\"og:description\" content=\"Letzte Woche brachen gewaltt\u00e4tige Proteste in Apples wichtigster iPhone-Fertigungsst\u00e4tte in Zhengzhou, China, aus. Tausende Arbeiter haben aus Angst, sich mit COVID-19 anzustecken, versucht, aus der &hellip;\" \/>\n<meta property=\"og:url\" content=\"https:\/\/www.akkucelle.com\/blog\/archives\/688\" \/>\n<meta property=\"og:site_name\" content=\"Akku Celle Blog\" \/>\n<meta property=\"article:published_time\" content=\"2022-11-29T06:21:55+00:00\" \/>\n<meta property=\"og:image\" content=\"https:\/\/www.akkucelle.com\/blog\/wp-content\/uploads\/2022\/11\/image-37-1024x640.png\" \/>\n<meta name=\"author\" content=\"admin\" \/>\n<meta name=\"twitter:card\" content=\"summary_large_image\" \/>\n<meta name=\"twitter:label1\" content=\"Verfasst von\" \/>\n\t<meta name=\"twitter:data1\" content=\"admin\" \/>\n\t<meta name=\"twitter:label2\" content=\"Gesch\u00e4tzte Lesezeit\" \/>\n\t<meta name=\"twitter:data2\" content=\"2\u00a0Minuten\" \/>\n<script type=\"application\/ld+json\" class=\"yoast-schema-graph\">{\"@context\":\"https:\/\/schema.org\",\"@graph\":[{\"@type\":\"Article\",\"@id\":\"https:\/\/www.akkucelle.com\/blog\/archives\/688#article\",\"isPartOf\":{\"@id\":\"https:\/\/www.akkucelle.com\/blog\/archives\/688\"},\"author\":{\"name\":\"admin\",\"@id\":\"https:\/\/www.akkucelle.com\/blog\/#\/schema\/person\/6027b15e94c1bf3787af6e5b0bec2e8b\"},\"headline\":\"Das iPhone 14 Pro wird in Frankreich nicht vor Weihnachten erh\u00e4ltlich sein, die Produktion wird eingestellt\",\"datePublished\":\"2022-11-29T06:21:55+00:00\",\"mainEntityOfPage\":{\"@id\":\"https:\/\/www.akkucelle.com\/blog\/archives\/688\"},\"wordCount\":319,\"commentCount\":0,\"publisher\":{\"@id\":\"https:\/\/www.akkucelle.com\/blog\/#organization\"},\"image\":{\"@id\":\"https:\/\/www.akkucelle.com\/blog\/archives\/688#primaryimage\"},\"thumbnailUrl\":\"https:\/\/www.akkucelle.com\/blog\/wp-content\/uploads\/2022\/11\/image-37-1024x640.png\",\"articleSection\":[\"Uncategorized\"],\"inLanguage\":\"de\",\"potentialAction\":[{\"@type\":\"CommentAction\",\"name\":\"Comment\",\"target\":[\"https:\/\/www.akkucelle.com\/blog\/archives\/688#respond\"]}]},{\"@type\":\"WebPage\",\"@id\":\"https:\/\/www.akkucelle.com\/blog\/archives\/688\",\"url\":\"https:\/\/www.akkucelle.com\/blog\/archives\/688\",\"name\":\"Das iPhone 14 Pro wird in Frankreich nicht vor Weihnachten erh\u00e4ltlich sein, die Produktion wird eingestellt - Akku Celle Blog\",\"isPartOf\":{\"@id\":\"https:\/\/www.akkucelle.com\/blog\/#website\"},\"primaryImageOfPage\":{\"@id\":\"https:\/\/www.akkucelle.com\/blog\/archives\/688#primaryimage\"},\"image\":{\"@id\":\"https:\/\/www.akkucelle.com\/blog\/archives\/688#primaryimage\"},\"thumbnailUrl\":\"https:\/\/www.akkucelle.com\/blog\/wp-content\/uploads\/2022\/11\/image-37-1024x640.png\",\"datePublished\":\"2022-11-29T06:21:55+00:00\",\"breadcrumb\":{\"@id\":\"https:\/\/www.akkucelle.com\/blog\/archives\/688#breadcrumb\"},\"inLanguage\":\"de\",\"potentialAction\":[{\"@type\":\"ReadAction\",\"target\":[\"https:\/\/www.akkucelle.com\/blog\/archives\/688\"]}]},{\"@type\":\"ImageObject\",\"inLanguage\":\"de\",\"@id\":\"https:\/\/www.akkucelle.com\/blog\/archives\/688#primaryimage\",\"url\":\"https:\/\/www.akkucelle.com\/blog\/wp-content\/uploads\/2022\/11\/image-37.png\",\"contentUrl\":\"https:\/\/www.akkucelle.com\/blog\/wp-content\/uploads\/2022\/11\/image-37.png\",\"width\":1200,\"height\":750},{\"@type\":\"BreadcrumbList\",\"@id\":\"https:\/\/www.akkucelle.com\/blog\/archives\/688#breadcrumb\",\"itemListElement\":[{\"@type\":\"ListItem\",\"position\":1,\"name\":\"Startseite\",\"item\":\"https:\/\/www.akkucelle.com\/blog\"},{\"@type\":\"ListItem\",\"position\":2,\"name\":\"Das iPhone 14 Pro wird in Frankreich nicht vor Weihnachten erh\u00e4ltlich sein, die Produktion wird eingestellt\"}]},{\"@type\":\"WebSite\",\"@id\":\"https:\/\/www.akkucelle.com\/blog\/#website\",\"url\":\"https:\/\/www.akkucelle.com\/blog\/\",\"name\":\"Akku Celle Blog\",\"description\":\"Akku und Adapter Blog\",\"publisher\":{\"@id\":\"https:\/\/www.akkucelle.com\/blog\/#organization\"},\"potentialAction\":[{\"@type\":\"SearchAction\",\"target\":{\"@type\":\"EntryPoint\",\"urlTemplate\":\"https:\/\/www.akkucelle.com\/blog\/?s={search_term_string}\"},\"query-input\":{\"@type\":\"PropertyValueSpecification\",\"valueRequired\":true,\"valueName\":\"search_term_string\"}}],\"inLanguage\":\"de\"},{\"@type\":\"Organization\",\"@id\":\"https:\/\/www.akkucelle.com\/blog\/#organization\",\"name\":\"Akku und Adapter Blog\",\"url\":\"https:\/\/www.akkucelle.com\/blog\/\",\"logo\":{\"@type\":\"ImageObject\",\"inLanguage\":\"de\",\"@id\":\"https:\/\/www.akkucelle.com\/blog\/#\/schema\/logo\/image\/\",\"url\":\"https:\/\/www.akkucelle.com\/blog\/wp-content\/uploads\/2025\/02\/logo.png\",\"contentUrl\":\"https:\/\/www.akkucelle.com\/blog\/wp-content\/uploads\/2025\/02\/logo.png\",\"width\":250,\"height\":62,\"caption\":\"Akku und Adapter Blog\"},\"image\":{\"@id\":\"https:\/\/www.akkucelle.com\/blog\/#\/schema\/logo\/image\/\"}},{\"@type\":\"Person\",\"@id\":\"https:\/\/www.akkucelle.com\/blog\/#\/schema\/person\/6027b15e94c1bf3787af6e5b0bec2e8b\",\"name\":\"admin\",\"image\":{\"@type\":\"ImageObject\",\"inLanguage\":\"de\",\"@id\":\"https:\/\/www.akkucelle.com\/blog\/#\/schema\/person\/image\/\",\"url\":\"https:\/\/secure.gravatar.com\/avatar\/cb907c0a6e40d5c20e5bca18c43bd4b4dfabdc2c0735889a0971a66d8bf31662?s=96&d=mm&r=g\",\"contentUrl\":\"https:\/\/secure.gravatar.com\/avatar\/cb907c0a6e40d5c20e5bca18c43bd4b4dfabdc2c0735889a0971a66d8bf31662?s=96&d=mm&r=g\",\"caption\":\"admin\"},\"sameAs\":[\"https:\/\/www.akkucelle.com\/blog\"],\"url\":\"https:\/\/www.akkucelle.com\/blog\/archives\/author\/admin\"}]}<\/script>\n<!-- \/ Yoast SEO plugin. -->","yoast_head_json":{"title":"Das iPhone 14 Pro wird in Frankreich nicht vor Weihnachten erh\u00e4ltlich sein, die Produktion wird eingestellt - Akku Celle Blog","robots":{"index":"index","follow":"follow","max-snippet":"max-snippet:-1","max-image-preview":"max-image-preview:large","max-video-preview":"max-video-preview:-1"},"canonical":"https:\/\/www.akkucelle.com\/blog\/archives\/688","og_locale":"de_DE","og_type":"article","og_title":"Das iPhone 14 Pro wird in Frankreich nicht vor Weihnachten erh\u00e4ltlich sein, die Produktion wird eingestellt - Akku Celle Blog","og_description":"Letzte Woche brachen gewaltt\u00e4tige Proteste in Apples wichtigster iPhone-Fertigungsst\u00e4tte in Zhengzhou, China, aus. Tausende Arbeiter haben aus Angst, sich mit COVID-19 anzustecken, versucht, aus der &hellip;","og_url":"https:\/\/www.akkucelle.com\/blog\/archives\/688","og_site_name":"Akku Celle Blog","article_published_time":"2022-11-29T06:21:55+00:00","og_image":[{"url":"https:\/\/www.akkucelle.com\/blog\/wp-content\/uploads\/2022\/11\/image-37-1024x640.png","type":"","width":"","height":""}],"author":"admin","twitter_card":"summary_large_image","twitter_misc":{"Verfasst von":"admin","Gesch\u00e4tzte Lesezeit":"2\u00a0Minuten"},"schema":{"@context":"https:\/\/schema.org","@graph":[{"@type":"Article","@id":"https:\/\/www.akkucelle.com\/blog\/archives\/688#article","isPartOf":{"@id":"https:\/\/www.akkucelle.com\/blog\/archives\/688"},"author":{"name":"admin","@id":"https:\/\/www.akkucelle.com\/blog\/#\/schema\/person\/6027b15e94c1bf3787af6e5b0bec2e8b"},"headline":"Das iPhone 14 Pro wird in Frankreich nicht vor Weihnachten erh\u00e4ltlich sein, die Produktion wird eingestellt","datePublished":"2022-11-29T06:21:55+00:00","mainEntityOfPage":{"@id":"https:\/\/www.akkucelle.com\/blog\/archives\/688"},"wordCount":319,"commentCount":0,"publisher":{"@id":"https:\/\/www.akkucelle.com\/blog\/#organization"},"image":{"@id":"https:\/\/www.akkucelle.com\/blog\/archives\/688#primaryimage"},"thumbnailUrl":"https:\/\/www.akkucelle.com\/blog\/wp-content\/uploads\/2022\/11\/image-37-1024x640.png","articleSection":["Uncategorized"],"inLanguage":"de","potentialAction":[{"@type":"CommentAction","name":"Comment","target":["https:\/\/www.akkucelle.com\/blog\/archives\/688#respond"]}]},{"@type":"WebPage","@id":"https:\/\/www.akkucelle.com\/blog\/archives\/688","url":"https:\/\/www.akkucelle.com\/blog\/archives\/688","name":"Das iPhone 14 Pro wird in Frankreich nicht vor Weihnachten erh\u00e4ltlich sein, die Produktion wird eingestellt - Akku Celle Blog","isPartOf":{"@id":"https:\/\/www.akkucelle.com\/blog\/#website"},"primaryImageOfPage":{"@id":"https:\/\/www.akkucelle.com\/blog\/archives\/688#primaryimage"},"image":{"@id":"https:\/\/www.akkucelle.com\/blog\/archives\/688#primaryimage"},"thumbnailUrl":"https:\/\/www.akkucelle.com\/blog\/wp-content\/uploads\/2022\/11\/image-37-1024x640.png","datePublished":"2022-11-29T06:21:55+00:00","breadcrumb":{"@id":"https:\/\/www.akkucelle.com\/blog\/archives\/688#breadcrumb"},"inLanguage":"de","potentialAction":[{"@type":"ReadAction","target":["https:\/\/www.akkucelle.com\/blog\/archives\/688"]}]},{"@type":"ImageObject","inLanguage":"de","@id":"https:\/\/www.akkucelle.com\/blog\/archives\/688#primaryimage","url":"https:\/\/www.akkucelle.com\/blog\/wp-content\/uploads\/2022\/11\/image-37.png","contentUrl":"https:\/\/www.akkucelle.com\/blog\/wp-content\/uploads\/2022\/11\/image-37.png","width":1200,"height":750},{"@type":"BreadcrumbList","@id":"https:\/\/www.akkucelle.com\/blog\/archives\/688#breadcrumb","itemListElement":[{"@type":"ListItem","position":1,"name":"Startseite","item":"https:\/\/www.akkucelle.com\/blog"},{"@type":"ListItem","position":2,"name":"Das iPhone 14 Pro wird in Frankreich nicht vor Weihnachten erh\u00e4ltlich sein, die Produktion wird eingestellt"}]},{"@type":"WebSite","@id":"https:\/\/www.akkucelle.com\/blog\/#website","url":"https:\/\/www.akkucelle.com\/blog\/","name":"Akku Celle Blog","description":"Akku und Adapter Blog","publisher":{"@id":"https:\/\/www.akkucelle.com\/blog\/#organization"},"potentialAction":[{"@type":"SearchAction","target":{"@type":"EntryPoint","urlTemplate":"https:\/\/www.akkucelle.com\/blog\/?s={search_term_string}"},"query-input":{"@type":"PropertyValueSpecification","valueRequired":true,"valueName":"search_term_string"}}],"inLanguage":"de"},{"@type":"Organization","@id":"https:\/\/www.akkucelle.com\/blog\/#organization","name":"Akku und Adapter Blog","url":"https:\/\/www.akkucelle.com\/blog\/","logo":{"@type":"ImageObject","inLanguage":"de","@id":"https:\/\/www.akkucelle.com\/blog\/#\/schema\/logo\/image\/","url":"https:\/\/www.akkucelle.com\/blog\/wp-content\/uploads\/2025\/02\/logo.png","contentUrl":"https:\/\/www.akkucelle.com\/blog\/wp-content\/uploads\/2025\/02\/logo.png","width":250,"height":62,"caption":"Akku und Adapter Blog"},"image":{"@id":"https:\/\/www.akkucelle.com\/blog\/#\/schema\/logo\/image\/"}},{"@type":"Person","@id":"https:\/\/www.akkucelle.com\/blog\/#\/schema\/person\/6027b15e94c1bf3787af6e5b0bec2e8b","name":"admin","image":{"@type":"ImageObject","inLanguage":"de","@id":"https:\/\/www.akkucelle.com\/blog\/#\/schema\/person\/image\/","url":"https:\/\/secure.gravatar.com\/avatar\/cb907c0a6e40d5c20e5bca18c43bd4b4dfabdc2c0735889a0971a66d8bf31662?s=96&d=mm&r=g","contentUrl":"https:\/\/secure.gravatar.com\/avatar\/cb907c0a6e40d5c20e5bca18c43bd4b4dfabdc2c0735889a0971a66d8bf31662?s=96&d=mm&r=g","caption":"admin"},"sameAs":["https:\/\/www.akkucelle.com\/blog"],"url":"https:\/\/www.akkucelle.com\/blog\/archives\/author\/admin"}]}},"_links":{"self":[{"href":"https:\/\/www.akkucelle.com\/blog\/wp-json\/wp\/v2\/posts\/688","targetHints":{"allow":["GET"]}}],"collection":[{"href":"https:\/\/www.akkucelle.com\/blog\/wp-json\/wp\/v2\/posts"}],"about":[{"href":"https:\/\/www.akkucelle.com\/blog\/wp-json\/wp\/v2\/types\/post"}],"author":[{"embeddable":true,"href":"https:\/\/www.akkucelle.com\/blog\/wp-json\/wp\/v2\/users\/1"}],"replies":[{"embeddable":true,"href":"https:\/\/www.akkucelle.com\/blog\/wp-json\/wp\/v2\/comments?post=688"}],"version-history":[{"count":1,"href":"https:\/\/www.akkucelle.com\/blog\/wp-json\/wp\/v2\/posts\/688\/revisions"}],"predecessor-version":[{"id":690,"href":"https:\/\/www.akkucelle.com\/blog\/wp-json\/wp\/v2\/posts\/688\/revisions\/690"}],"wp:attachment":[{"href":"https:\/\/www.akkucelle.com\/blog\/wp-json\/wp\/v2\/media?parent=688"}],"wp:term":[{"taxonomy":"category","embeddable":true,"href":"https:\/\/www.akkucelle.com\/blog\/wp-json\/wp\/v2\/categories?post=688"},{"taxonomy":"post_tag","embeddable":true,"href":"https:\/\/www.akkucelle.com\/blog\/wp-json\/wp\/v2\/tags?post=688"}],"curies":[{"name":"wp","href":"https:\/\/api.w.org\/{rel}","templated":true}]}}